{"id":8372,"date":"2019-02-11T14:22:39","date_gmt":"2019-02-11T14:22:39","guid":{"rendered":"https:\/\/conseil-emballage.org\/?p=8372"},"modified":"2019-02-11T14:22:39","modified_gmt":"2019-02-11T14:22:39","slug":"interview-with-olivier-dario-general-delegate-of-the-symop","status":"publish","type":"post","link":"https:\/\/conseil-emballage.org\/en\/interview-with-olivier-dario-general-delegate-of-the-symop\/","title":{"rendered":"Interview with Olivier DARIO &#8211; General Delegate of the SYMOP"},"content":{"rendered":"<h4><img fetchpriority=\"high\" decoding=\"async\" class=\"size-medium wp-image-8360 alignleft\" src=\"https:\/\/conseil-emballage.org\/wp-content\/uploads\/2019\/02\/Olivier-Dario1-279x300.jpg\" alt=\"\" width=\"279\" height=\"300\" srcset=\"https:\/\/conseil-emballage.org\/wp-content\/uploads\/2019\/02\/Olivier-Dario1-279x300.jpg 279w, https:\/\/conseil-emballage.org\/wp-content\/uploads\/2019\/02\/Olivier-Dario1.jpg 449w\" sizes=\"(max-width: 279px) 100vw, 279px\" \/><\/h4>\n<ol>\n<li>\n<h4><strong>In a few words, could you present your role and the SYMOP\u2019s activities?<\/strong><\/h4>\n<\/li>\n<\/ol>\n<p>Created in 1907, the SYMOP is a professional union which gathers machine and production solutions manufacturers. Our 280 members have followed the evolution of production technologies. Beginning with the machine tool, the SYMOP gradually equipped itself with production softwares, digital control, robotics and measurement (or metrology), industrial vision and control activities. In 2018, the SYMOP created a new group representing the additive manufacturing, which entails 3D printing. One of our working group represents the packaging machine manufacturers. What makes the originality of the SYMOP, however, is its ability to be relevant to all industrial sectors.<\/p>\n<p>The SYMOP is part of the Federation of Mechanical Industries (F\u00e9d\u00e9ration des Industries M\u00e9caniques) and is a founding member of the Alliance for the Industry of the Future (Alliance pour l\u2019Industrie du Futur).<\/p>\n<h4><\/h4>\n<ol start=\"2\">\n<li>\n<h4><strong>This year, the SYMOP joined the French Packaging Association (CNE) as a member of its 9th college (other companies and associations): could you explain what encourages the SYMOP to support the CNE and its actions? <\/strong><\/h4>\n<\/li>\n<\/ol>\n<p>We see ourselves as \u201cindustrial solutions providers\u201d. We think that the answer to the major transformation and mutation challenges of the 21<sup>st<\/sup> century will be largely industrial. This is why we find the CNE\u2019s approach very interesting: it brings together, within a community of interest, all the packaging players including machine manufacturers. How can the circular economy be efficient without intelligent machines?<\/p>\n<ol start=\"3\">\n<li>\n<h4><strong>What are the biggest concerns of the SYMOP\u2019s members regarding packaging? Can the CNE rightfully provide information about some of those concerns?<\/strong><\/h4>\n<\/li>\n<\/ol>\n<p>First, it would evidently benefit our packaging machines group to share some of the work of the CNE that could have a direct impact on the conception of their machines. Other interesting actors are also gathered in our union, like those of machines for paper industry, which monitor the potential evolutions of paper and cardboard in the packaging sector. Finally, I think that robotics, sensors and connected factories \u2013 topics we work on transversely or through the Alliance for the Industry of the Future \u2013 are themes that need to be investigated. The entire industrial process is \u201caugmented\u201d through the evolution of digital technology and the members of the SYMOP are the technological links of this process.<\/p>\n<ol start=\"4\">\n<li>\n<h4><strong>The CNE is attentive to its members. What are the key issues, emerging or not, that the CNE could investigate as part of its upcoming workshops?<\/strong><\/h4>\n<\/li>\n<\/ol>\n<p>If you will allow it, I will answer your question by reversing it. To be efficient as industrial solution providers, we think that we should first know how to listen closely to the demand and its developments. What are the major developments? There are the social changes linked to the consumers\u2019 new expectations, the structural developments coming from the standardisation and of course technological breakthroughs. It seems to me that the CNE is a place of exchange which perfectly include the development of demand and connect all the actors of the chain to provide answers.<\/p>\n<p><strong>Joining such a network is a great opportunity for the SYMOP. With other industrial organisation such as Geppia, we are joining this network so that our member companies can become actors of the industrial response. We think of our involvement in the CNE as a driving force of change and innovation for our members.<\/strong><\/p>\n","protected":false},"excerpt":{"rendered":"<p>In a few words, could you present your role and the SYMOP\u2019s activities?<\/p>\n<p>Created in 1907, the SYMOP is a professional [&#8230;]<\/p>\n","protected":false},"author":3,"featured_media":8360,"comment_status":"closed","ping_status":"open","sticky":false,"template":"","format":"standard","meta":{"footnotes":""},"categories":[5,10],"tags":[],"class_list":["post-8372","post","type-post","status-publish","format-standard","has-post-thumbnail","hentry","category-actualites","category-news","entry","has-media"],"yoast_head":"<!-- This site is optimized with the Yoast SEO plugin v27.5 - https:\/\/yoast.com\/product\/yoast-seo-wordpress\/ -->\n<title>Interview with Olivier DARIO - General Delegate of the SYMOP - CONSEIL NATIONAL DE L&#039;EMBALLAGE<\/title>\n<meta name=\"robots\" content=\"index, follow, max-snippet:-1, max-image-preview:large, max-video-preview:-1\" \/>\n<link rel=\"canonical\" href=\"https:\/\/conseil-emballage.org\/en\/interview-with-olivier-dario-general-delegate-of-the-symop\/\" \/>\n<meta property=\"og:locale\" content=\"en_US\" \/>\n<meta property=\"og:type\" content=\"article\" \/>\n<meta property=\"og:title\" content=\"Interview with Olivier DARIO - General Delegate of the SYMOP - CONSEIL NATIONAL DE L&#039;EMBALLAGE\" \/>\n<meta property=\"og:description\" content=\"In a few words, could you present your role and the SYMOP\u2019s activities?  Created in 1907, the SYMOP is a professional [...]\" \/>\n<meta property=\"og:url\" content=\"https:\/\/conseil-emballage.org\/en\/interview-with-olivier-dario-general-delegate-of-the-symop\/\" \/>\n<meta property=\"og:site_name\" content=\"CONSEIL NATIONAL DE L&#039;EMBALLAGE\" \/>\n<meta property=\"article:published_time\" content=\"2019-02-11T14:22:39+00:00\" \/>\n<meta property=\"og:image\" content=\"https:\/\/conseil-emballage.org\/wp-content\/uploads\/2019\/02\/Olivier-Dario1.jpg\" \/>\n\t<meta property=\"og:image:width\" content=\"449\" \/>\n\t<meta property=\"og:image:height\" content=\"482\" \/>\n\t<meta property=\"og:image:type\" content=\"image\/jpeg\" \/>\n<meta name=\"author\" content=\"Maryse\" \/>\n<meta name=\"twitter:card\" content=\"summary_large_image\" \/>\n<meta name=\"twitter:label1\" content=\"Written by\" \/>\n\t<meta name=\"twitter:data1\" content=\"Maryse\" \/>\n\t<meta name=\"twitter:label2\" content=\"Est. reading time\" \/>\n\t<meta name=\"twitter:data2\" content=\"3 minutes\" \/>\n<script type=\"application\/ld+json\" class=\"yoast-schema-graph\">{\"@context\":\"https:\\\/\\\/schema.org\",\"@graph\":[{\"@type\":\"Article\",\"@id\":\"https:\\\/\\\/conseil-emballage.org\\\/en\\\/interview-with-olivier-dario-general-delegate-of-the-symop\\\/#article\",\"isPartOf\":{\"@id\":\"https:\\\/\\\/conseil-emballage.org\\\/en\\\/interview-with-olivier-dario-general-delegate-of-the-symop\\\/\"},\"author\":{\"name\":\"Maryse\",\"@id\":\"https:\\\/\\\/conseil-emballage.org\\\/#\\\/schema\\\/person\\\/de121e0ab7cfe1c780c8b4e7fff14c66\"},\"headline\":\"Interview with Olivier DARIO &#8211; General Delegate of the SYMOP\",\"datePublished\":\"2019-02-11T14:22:39+00:00\",\"mainEntityOfPage\":{\"@id\":\"https:\\\/\\\/conseil-emballage.org\\\/en\\\/interview-with-olivier-dario-general-delegate-of-the-symop\\\/\"},\"wordCount\":564,\"image\":{\"@id\":\"https:\\\/\\\/conseil-emballage.org\\\/en\\\/interview-with-olivier-dario-general-delegate-of-the-symop\\\/#primaryimage\"},\"thumbnailUrl\":\"https:\\\/\\\/conseil-emballage.org\\\/wp-content\\\/uploads\\\/2019\\\/02\\\/Olivier-Dario1.jpg\",\"articleSection\":[\"Actualit\u00e9s\",\"News\"],\"inLanguage\":\"en-US\"},{\"@type\":\"WebPage\",\"@id\":\"https:\\\/\\\/conseil-emballage.org\\\/en\\\/interview-with-olivier-dario-general-delegate-of-the-symop\\\/\",\"url\":\"https:\\\/\\\/conseil-emballage.org\\\/en\\\/interview-with-olivier-dario-general-delegate-of-the-symop\\\/\",\"name\":\"Interview with Olivier DARIO - General Delegate of the SYMOP - CONSEIL NATIONAL DE L&#039;EMBALLAGE\",\"isPartOf\":{\"@id\":\"https:\\\/\\\/conseil-emballage.org\\\/#website\"},\"primaryImageOfPage\":{\"@id\":\"https:\\\/\\\/conseil-emballage.org\\\/en\\\/interview-with-olivier-dario-general-delegate-of-the-symop\\\/#primaryimage\"},\"image\":{\"@id\":\"https:\\\/\\\/conseil-emballage.org\\\/en\\\/interview-with-olivier-dario-general-delegate-of-the-symop\\\/#primaryimage\"},\"thumbnailUrl\":\"https:\\\/\\\/conseil-emballage.org\\\/wp-content\\\/uploads\\\/2019\\\/02\\\/Olivier-Dario1.jpg\",\"datePublished\":\"2019-02-11T14:22:39+00:00\",\"author\":{\"@id\":\"https:\\\/\\\/conseil-emballage.org\\\/#\\\/schema\\\/person\\\/de121e0ab7cfe1c780c8b4e7fff14c66\"},\"breadcrumb\":{\"@id\":\"https:\\\/\\\/conseil-emballage.org\\\/en\\\/interview-with-olivier-dario-general-delegate-of-the-symop\\\/#breadcrumb\"},\"inLanguage\":\"en-US\",\"potentialAction\":[{\"@type\":\"ReadAction\",\"target\":[\"https:\\\/\\\/conseil-emballage.org\\\/en\\\/interview-with-olivier-dario-general-delegate-of-the-symop\\\/\"]}]},{\"@type\":\"ImageObject\",\"inLanguage\":\"en-US\",\"@id\":\"https:\\\/\\\/conseil-emballage.org\\\/en\\\/interview-with-olivier-dario-general-delegate-of-the-symop\\\/#primaryimage\",\"url\":\"https:\\\/\\\/conseil-emballage.org\\\/wp-content\\\/uploads\\\/2019\\\/02\\\/Olivier-Dario1.jpg\",\"contentUrl\":\"https:\\\/\\\/conseil-emballage.org\\\/wp-content\\\/uploads\\\/2019\\\/02\\\/Olivier-Dario1.jpg\",\"width\":449,\"height\":482},{\"@type\":\"BreadcrumbList\",\"@id\":\"https:\\\/\\\/conseil-emballage.org\\\/en\\\/interview-with-olivier-dario-general-delegate-of-the-symop\\\/#breadcrumb\",\"itemListElement\":[{\"@type\":\"ListItem\",\"position\":1,\"name\":\"Accueil\",\"item\":\"https:\\\/\\\/conseil-emballage.org\\\/\"},{\"@type\":\"ListItem\",\"position\":2,\"name\":\"Interview with Olivier DARIO &#8211; General Delegate of the SYMOP\"}]},{\"@type\":\"WebSite\",\"@id\":\"https:\\\/\\\/conseil-emballage.org\\\/#website\",\"url\":\"https:\\\/\\\/conseil-emballage.org\\\/\",\"name\":\"CONSEIL NATIONAL DE L&#039;EMBALLAGE\",\"description\":\"Des partenaires pour le Juste Emballage\",\"potentialAction\":[{\"@type\":\"SearchAction\",\"target\":{\"@type\":\"EntryPoint\",\"urlTemplate\":\"https:\\\/\\\/conseil-emballage.org\\\/?s={search_term_string}\"},\"query-input\":{\"@type\":\"PropertyValueSpecification\",\"valueRequired\":true,\"valueName\":\"search_term_string\"}}],\"inLanguage\":\"en-US\"},{\"@type\":\"Person\",\"@id\":\"https:\\\/\\\/conseil-emballage.org\\\/#\\\/schema\\\/person\\\/de121e0ab7cfe1c780c8b4e7fff14c66\",\"name\":\"Maryse\",\"url\":\"https:\\\/\\\/conseil-emballage.org\\\/en\\\/author\\\/maryse\\\/\"}]}<\/script>\n<!-- \/ Yoast SEO plugin. -->","yoast_head_json":{"title":"Interview with Olivier DARIO - General Delegate of the SYMOP - CONSEIL NATIONAL DE L&#039;EMBALLAGE","robots":{"index":"index","follow":"follow","max-snippet":"max-snippet:-1","max-image-preview":"max-image-preview:large","max-video-preview":"max-video-preview:-1"},"canonical":"https:\/\/conseil-emballage.org\/en\/interview-with-olivier-dario-general-delegate-of-the-symop\/","og_locale":"en_US","og_type":"article","og_title":"Interview with Olivier DARIO - General Delegate of the SYMOP - CONSEIL NATIONAL DE L&#039;EMBALLAGE","og_description":"In a few words, could you present your role and the SYMOP\u2019s activities?  Created in 1907, the SYMOP is a professional [...]","og_url":"https:\/\/conseil-emballage.org\/en\/interview-with-olivier-dario-general-delegate-of-the-symop\/","og_site_name":"CONSEIL NATIONAL DE L&#039;EMBALLAGE","article_published_time":"2019-02-11T14:22:39+00:00","og_image":[{"width":449,"height":482,"url":"https:\/\/conseil-emballage.org\/wp-content\/uploads\/2019\/02\/Olivier-Dario1.jpg","type":"image\/jpeg"}],"author":"Maryse","twitter_card":"summary_large_image","twitter_misc":{"Written by":"Maryse","Est. reading time":"3 minutes"},"schema":{"@context":"https:\/\/schema.org","@graph":[{"@type":"Article","@id":"https:\/\/conseil-emballage.org\/en\/interview-with-olivier-dario-general-delegate-of-the-symop\/#article","isPartOf":{"@id":"https:\/\/conseil-emballage.org\/en\/interview-with-olivier-dario-general-delegate-of-the-symop\/"},"author":{"name":"Maryse","@id":"https:\/\/conseil-emballage.org\/#\/schema\/person\/de121e0ab7cfe1c780c8b4e7fff14c66"},"headline":"Interview with Olivier DARIO &#8211; General Delegate of the SYMOP","datePublished":"2019-02-11T14:22:39+00:00","mainEntityOfPage":{"@id":"https:\/\/conseil-emballage.org\/en\/interview-with-olivier-dario-general-delegate-of-the-symop\/"},"wordCount":564,"image":{"@id":"https:\/\/conseil-emballage.org\/en\/interview-with-olivier-dario-general-delegate-of-the-symop\/#primaryimage"},"thumbnailUrl":"https:\/\/conseil-emballage.org\/wp-content\/uploads\/2019\/02\/Olivier-Dario1.jpg","articleSection":["Actualit\u00e9s","News"],"inLanguage":"en-US"},{"@type":"WebPage","@id":"https:\/\/conseil-emballage.org\/en\/interview-with-olivier-dario-general-delegate-of-the-symop\/","url":"https:\/\/conseil-emballage.org\/en\/interview-with-olivier-dario-general-delegate-of-the-symop\/","name":"Interview with Olivier DARIO - General Delegate of the SYMOP - CONSEIL NATIONAL DE L&#039;EMBALLAGE","isPartOf":{"@id":"https:\/\/conseil-emballage.org\/#website"},"primaryImageOfPage":{"@id":"https:\/\/conseil-emballage.org\/en\/interview-with-olivier-dario-general-delegate-of-the-symop\/#primaryimage"},"image":{"@id":"https:\/\/conseil-emballage.org\/en\/interview-with-olivier-dario-general-delegate-of-the-symop\/#primaryimage"},"thumbnailUrl":"https:\/\/conseil-emballage.org\/wp-content\/uploads\/2019\/02\/Olivier-Dario1.jpg","datePublished":"2019-02-11T14:22:39+00:00","author":{"@id":"https:\/\/conseil-emballage.org\/#\/schema\/person\/de121e0ab7cfe1c780c8b4e7fff14c66"},"breadcrumb":{"@id":"https:\/\/conseil-emballage.org\/en\/interview-with-olivier-dario-general-delegate-of-the-symop\/#breadcrumb"},"inLanguage":"en-US","potentialAction":[{"@type":"ReadAction","target":["https:\/\/conseil-emballage.org\/en\/interview-with-olivier-dario-general-delegate-of-the-symop\/"]}]},{"@type":"ImageObject","inLanguage":"en-US","@id":"https:\/\/conseil-emballage.org\/en\/interview-with-olivier-dario-general-delegate-of-the-symop\/#primaryimage","url":"https:\/\/conseil-emballage.org\/wp-content\/uploads\/2019\/02\/Olivier-Dario1.jpg","contentUrl":"https:\/\/conseil-emballage.org\/wp-content\/uploads\/2019\/02\/Olivier-Dario1.jpg","width":449,"height":482},{"@type":"BreadcrumbList","@id":"https:\/\/conseil-emballage.org\/en\/interview-with-olivier-dario-general-delegate-of-the-symop\/#breadcrumb","itemListElement":[{"@type":"ListItem","position":1,"name":"Accueil","item":"https:\/\/conseil-emballage.org\/"},{"@type":"ListItem","position":2,"name":"Interview with Olivier DARIO &#8211; General Delegate of the SYMOP"}]},{"@type":"WebSite","@id":"https:\/\/conseil-emballage.org\/#website","url":"https:\/\/conseil-emballage.org\/","name":"CONSEIL NATIONAL DE L&#039;EMBALLAGE","description":"Des partenaires pour le Juste Emballage","potentialAction":[{"@type":"SearchAction","target":{"@type":"EntryPoint","urlTemplate":"https:\/\/conseil-emballage.org\/?s={search_term_string}"},"query-input":{"@type":"PropertyValueSpecification","valueRequired":true,"valueName":"search_term_string"}}],"inLanguage":"en-US"},{"@type":"Person","@id":"https:\/\/conseil-emballage.org\/#\/schema\/person\/de121e0ab7cfe1c780c8b4e7fff14c66","name":"Maryse","url":"https:\/\/conseil-emballage.org\/en\/author\/maryse\/"}]}},"_links":{"self":[{"href":"https:\/\/conseil-emballage.org\/en\/wp-json\/wp\/v2\/posts\/8372","targetHints":{"allow":["GET"]}}],"collection":[{"href":"https:\/\/conseil-emballage.org\/en\/wp-json\/wp\/v2\/posts"}],"about":[{"href":"https:\/\/conseil-emballage.org\/en\/wp-json\/wp\/v2\/types\/post"}],"author":[{"embeddable":true,"href":"https:\/\/conseil-emballage.org\/en\/wp-json\/wp\/v2\/users\/3"}],"replies":[{"embeddable":true,"href":"https:\/\/conseil-emballage.org\/en\/wp-json\/wp\/v2\/comments?post=8372"}],"version-history":[{"count":0,"href":"https:\/\/conseil-emballage.org\/en\/wp-json\/wp\/v2\/posts\/8372\/revisions"}],"wp:featuredmedia":[{"embeddable":true,"href":"https:\/\/conseil-emballage.org\/en\/wp-json\/wp\/v2\/media\/8360"}],"wp:attachment":[{"href":"https:\/\/conseil-emballage.org\/en\/wp-json\/wp\/v2\/media?parent=8372"}],"wp:term":[{"taxonomy":"category","embeddable":true,"href":"https:\/\/conseil-emballage.org\/en\/wp-json\/wp\/v2\/categories?post=8372"},{"taxonomy":"post_tag","embeddable":true,"href":"https:\/\/conseil-emballage.org\/en\/wp-json\/wp\/v2\/tags?post=8372"}],"curies":[{"name":"wp","href":"https:\/\/api.w.org\/{rel}","templated":true}]}}