{"id":5336,"date":"2018-02-12T15:12:22","date_gmt":"2018-02-12T14:12:22","guid":{"rendered":"http:\/\/www.conseil-emballage.org\/?p=5336"},"modified":"2018-03-05T10:15:47","modified_gmt":"2018-03-05T10:15:47","slug":"interview-with-emmanuel-guichard-executive-officer-elipso","status":"publish","type":"post","link":"https:\/\/conseil-emballage.org\/en\/interview-with-emmanuel-guichard-executive-officer-elipso\/","title":{"rendered":"Interview with Emmanuel GUICHARD \u2013 Executive Officer- Elipso"},"content":{"rendered":"<h4><strong><a href=\"https:\/\/conseil-emballage.org\/wp-content\/uploads\/2018\/02\/Emmanuel-Guichard.jpg\"><img decoding=\"async\" class=\"alignleft size-thumbnail wp-image-5334\" src=\"https:\/\/conseil-emballage.org\/wp-content\/uploads\/2018\/02\/Emmanuel-Guichard-150x150.jpg\" alt=\"\" width=\"150\" height=\"150\" \/><\/a>1- Could you tell us about your position and the missions Elipso carries out?<\/strong><\/h4>\n<p><strong>Elipso is the professional association representing producers of solid and flexible plastic packaging. As the Executive Officer, I am in charge of leading the network of the association\u2019s members, ensuring the quality of the service provided to members, as well as taking actions that could influence people\u2019s behaviour.<\/strong><\/p>\n<h4><strong>2- After one year of holding this position, could you outline the actions Elipso carries out for the best of plastic packaging?<\/strong><\/h4>\n<p><strong>Taking up this position has been hectic. The period was marked by opaque PET, the election campaign (candidate Macron announced that 100% of plastics should be recycled), and the authorisation\u2019s renewal for eco-organisations. Each week brings something new, and that is the most exciting! \u00a0<\/strong><\/p>\n<h4><strong>\u00a03-\u00a0<\/strong><strong>In 2017, the French Ministry in charge of the ecology has launched the \u201cRoadmap for circular economy: Join the movement!\u201d and Europe is drafting the text on the European Circular Economy Package. Could you tell us what stakes and actions these texts bring about for plastic packaging?<\/strong><\/h4>\n<p><strong>Strong expectations do exist on plastic packaging recyclability and assimilation of recycled material in plastic packaging. The French government\u2019s roadmap is in line with the European strategy regarding plastic packaging. They both have a strong ambition: 100% of plastic packaging should be recyclable or biodegradable by 2030, and recycled plastic should be massively used (4 times more often than today).<\/strong><\/p>\n<h4><strong>4-\u00a0\u00a0<\/strong><strong>Elipso recently participated in the CNE working group: \u201cPackaging\u2019s contribution to food waste reduction in France\u201d. The resulting document echoes back to the French Etats-G\u00e9n\u00e9raux for Food; could you tell us what lessons you draw from your participation as well as the deliverable?<\/strong><\/h4>\n<p><strong>This working group, which is open to the different stakeholders, underlines the CNE\u2019s central role in terms of packaging promotion. Works carried out have fully responded to the Etats-G\u00e9n\u00e9raux\u2019s appeal by showing both the professionals\u2019 role in the choice of an adapted packaging and the necessity of involving consumers in the fight against food waste.<\/strong><\/p>\n<p><strong>The report also highlights the necessity of taking into account the whole life cycle of the product and its packaging in order to make a guided choice: a bigger packaging can be justified if it enables to extend the product\u2019s shelf life and contributes to reducing food waste.<\/strong><\/p>\n<h4><strong>\u00a05-\u00a0<\/strong><strong>From 2022 onwards, all French people will be able to sort all plastic household packaging within the framework of the extension project for plastics sorting instructions. Could you tell us how Elipso takes part in the project?<\/strong><\/h4>\n<p><strong>Elipso, along with its COTREP partners, advises its members on packaging recyclability as well as eco-design measures for recycling. The company Valorplast, whose reference shareholders are Elipso and PlasticsEurope, conducts R&amp;D projects to improve sorting methods and enable the development of new ways of recovery for these recycled materials.<\/strong><\/p>\n<h4><strong>6- As the CNE\u2019s President, what do you think are the major emerging subjects that the CNE could investigate within the framework of working groups? <\/strong><\/h4>\n<p><strong>I think that the allegations issue will be the next major subject, and the CNE has already taken a stand on this. The CNE, through its partnership with the ARPP<\/strong><a href=\"#_ftn1\" name=\"_ftnref1\">[1]<\/a><strong>, is very involved and legitimate about this issue. Consumers increasingly question the nature of their packaging, and the risk of \u201cgreen washing\u201d is always looming when it comes to marketing!<\/strong><\/p>\n<p>&nbsp;<\/p>\n<p><a href=\"#_ftnref1\" name=\"_ftn1\">[1]<\/a> <em>Autorit\u00e9 de R\u00e9gulation Professionnelle de la Publicit\u00e9<\/em> \u2013 French Professional Advertising Regulatory Authorities<\/p>\n","protected":false},"excerpt":{"rendered":"<p>1- Could you tell us about your position and the missions Elipso carries out?<br \/>\nElipso is the professional association representing producers [&#8230;]<\/p>\n","protected":false},"author":3,"featured_media":5334,"comment_status":"closed","ping_status":"closed","sticky":false,"template":"","format":"standard","meta":{"footnotes":""},"categories":[10],"tags":[],"class_list":["post-5336","post","type-post","status-publish","format-standard","has-post-thumbnail","hentry","category-news","entry","has-media"],"yoast_head":"<!-- This site is optimized with the Yoast SEO plugin v27.5 - https:\/\/yoast.com\/product\/yoast-seo-wordpress\/ -->\n<title>Interview with Emmanuel GUICHARD \u2013 Executive Officer- Elipso - CONSEIL NATIONAL DE L&#039;EMBALLAGE<\/title>\n<meta name=\"robots\" content=\"index, follow, max-snippet:-1, max-image-preview:large, max-video-preview:-1\" \/>\n<link rel=\"canonical\" href=\"https:\/\/conseil-emballage.org\/en\/interview-with-emmanuel-guichard-executive-officer-elipso\/\" \/>\n<meta property=\"og:locale\" content=\"en_US\" \/>\n<meta property=\"og:type\" content=\"article\" \/>\n<meta property=\"og:title\" content=\"Interview with Emmanuel GUICHARD \u2013 Executive Officer- Elipso - CONSEIL NATIONAL DE L&#039;EMBALLAGE\" \/>\n<meta property=\"og:description\" content=\"1- Could you tell us about your position and the missions Elipso carries out? Elipso is the professional association representing producers [...]\" \/>\n<meta property=\"og:url\" content=\"https:\/\/conseil-emballage.org\/en\/interview-with-emmanuel-guichard-executive-officer-elipso\/\" \/>\n<meta property=\"og:site_name\" content=\"CONSEIL NATIONAL DE L&#039;EMBALLAGE\" \/>\n<meta property=\"article:published_time\" content=\"2018-02-12T14:12:22+00:00\" \/>\n<meta property=\"article:modified_time\" content=\"2018-03-05T10:15:47+00:00\" \/>\n<meta property=\"og:image\" content=\"https:\/\/conseil-emballage.org\/wp-content\/uploads\/2018\/02\/Emmanuel-Guichard.jpg\" \/>\n\t<meta property=\"og:image:width\" content=\"1365\" \/>\n\t<meta property=\"og:image:height\" content=\"2048\" \/>\n\t<meta property=\"og:image:type\" content=\"image\/jpeg\" \/>\n<meta name=\"author\" content=\"Maryse\" \/>\n<meta name=\"twitter:card\" content=\"summary_large_image\" \/>\n<meta name=\"twitter:label1\" content=\"Written by\" \/>\n\t<meta name=\"twitter:data1\" content=\"Maryse\" \/>\n\t<meta name=\"twitter:label2\" content=\"Est. reading time\" \/>\n\t<meta name=\"twitter:data2\" content=\"3 minutes\" \/>\n<script type=\"application\/ld+json\" class=\"yoast-schema-graph\">{\"@context\":\"https:\\\/\\\/schema.org\",\"@graph\":[{\"@type\":\"Article\",\"@id\":\"https:\\\/\\\/conseil-emballage.org\\\/en\\\/interview-with-emmanuel-guichard-executive-officer-elipso\\\/#article\",\"isPartOf\":{\"@id\":\"https:\\\/\\\/conseil-emballage.org\\\/en\\\/interview-with-emmanuel-guichard-executive-officer-elipso\\\/\"},\"author\":{\"name\":\"Maryse\",\"@id\":\"https:\\\/\\\/conseil-emballage.org\\\/#\\\/schema\\\/person\\\/de121e0ab7cfe1c780c8b4e7fff14c66\"},\"headline\":\"Interview with Emmanuel GUICHARD \u2013 Executive Officer- Elipso\",\"datePublished\":\"2018-02-12T14:12:22+00:00\",\"dateModified\":\"2018-03-05T10:15:47+00:00\",\"mainEntityOfPage\":{\"@id\":\"https:\\\/\\\/conseil-emballage.org\\\/en\\\/interview-with-emmanuel-guichard-executive-officer-elipso\\\/\"},\"wordCount\":585,\"image\":{\"@id\":\"https:\\\/\\\/conseil-emballage.org\\\/en\\\/interview-with-emmanuel-guichard-executive-officer-elipso\\\/#primaryimage\"},\"thumbnailUrl\":\"https:\\\/\\\/conseil-emballage.org\\\/wp-content\\\/uploads\\\/2018\\\/02\\\/Emmanuel-Guichard.jpg\",\"articleSection\":[\"News\"],\"inLanguage\":\"en-US\"},{\"@type\":\"WebPage\",\"@id\":\"https:\\\/\\\/conseil-emballage.org\\\/en\\\/interview-with-emmanuel-guichard-executive-officer-elipso\\\/\",\"url\":\"https:\\\/\\\/conseil-emballage.org\\\/en\\\/interview-with-emmanuel-guichard-executive-officer-elipso\\\/\",\"name\":\"Interview with Emmanuel GUICHARD \u2013 Executive Officer- Elipso - CONSEIL NATIONAL DE L&#039;EMBALLAGE\",\"isPartOf\":{\"@id\":\"https:\\\/\\\/conseil-emballage.org\\\/#website\"},\"primaryImageOfPage\":{\"@id\":\"https:\\\/\\\/conseil-emballage.org\\\/en\\\/interview-with-emmanuel-guichard-executive-officer-elipso\\\/#primaryimage\"},\"image\":{\"@id\":\"https:\\\/\\\/conseil-emballage.org\\\/en\\\/interview-with-emmanuel-guichard-executive-officer-elipso\\\/#primaryimage\"},\"thumbnailUrl\":\"https:\\\/\\\/conseil-emballage.org\\\/wp-content\\\/uploads\\\/2018\\\/02\\\/Emmanuel-Guichard.jpg\",\"datePublished\":\"2018-02-12T14:12:22+00:00\",\"dateModified\":\"2018-03-05T10:15:47+00:00\",\"author\":{\"@id\":\"https:\\\/\\\/conseil-emballage.org\\\/#\\\/schema\\\/person\\\/de121e0ab7cfe1c780c8b4e7fff14c66\"},\"breadcrumb\":{\"@id\":\"https:\\\/\\\/conseil-emballage.org\\\/en\\\/interview-with-emmanuel-guichard-executive-officer-elipso\\\/#breadcrumb\"},\"inLanguage\":\"en-US\",\"potentialAction\":[{\"@type\":\"ReadAction\",\"target\":[\"https:\\\/\\\/conseil-emballage.org\\\/en\\\/interview-with-emmanuel-guichard-executive-officer-elipso\\\/\"]}]},{\"@type\":\"ImageObject\",\"inLanguage\":\"en-US\",\"@id\":\"https:\\\/\\\/conseil-emballage.org\\\/en\\\/interview-with-emmanuel-guichard-executive-officer-elipso\\\/#primaryimage\",\"url\":\"https:\\\/\\\/conseil-emballage.org\\\/wp-content\\\/uploads\\\/2018\\\/02\\\/Emmanuel-Guichard.jpg\",\"contentUrl\":\"https:\\\/\\\/conseil-emballage.org\\\/wp-content\\\/uploads\\\/2018\\\/02\\\/Emmanuel-Guichard.jpg\",\"width\":1365,\"height\":2048},{\"@type\":\"BreadcrumbList\",\"@id\":\"https:\\\/\\\/conseil-emballage.org\\\/en\\\/interview-with-emmanuel-guichard-executive-officer-elipso\\\/#breadcrumb\",\"itemListElement\":[{\"@type\":\"ListItem\",\"position\":1,\"name\":\"Accueil\",\"item\":\"https:\\\/\\\/conseil-emballage.org\\\/\"},{\"@type\":\"ListItem\",\"position\":2,\"name\":\"Interview with Emmanuel GUICHARD \u2013 Executive Officer- Elipso\"}]},{\"@type\":\"WebSite\",\"@id\":\"https:\\\/\\\/conseil-emballage.org\\\/#website\",\"url\":\"https:\\\/\\\/conseil-emballage.org\\\/\",\"name\":\"CONSEIL NATIONAL DE L&#039;EMBALLAGE\",\"description\":\"Des partenaires pour le Juste Emballage\",\"potentialAction\":[{\"@type\":\"SearchAction\",\"target\":{\"@type\":\"EntryPoint\",\"urlTemplate\":\"https:\\\/\\\/conseil-emballage.org\\\/?s={search_term_string}\"},\"query-input\":{\"@type\":\"PropertyValueSpecification\",\"valueRequired\":true,\"valueName\":\"search_term_string\"}}],\"inLanguage\":\"en-US\"},{\"@type\":\"Person\",\"@id\":\"https:\\\/\\\/conseil-emballage.org\\\/#\\\/schema\\\/person\\\/de121e0ab7cfe1c780c8b4e7fff14c66\",\"name\":\"Maryse\",\"url\":\"https:\\\/\\\/conseil-emballage.org\\\/en\\\/author\\\/maryse\\\/\"}]}<\/script>\n<!-- \/ Yoast SEO plugin. -->","yoast_head_json":{"title":"Interview with Emmanuel GUICHARD \u2013 Executive Officer- Elipso - CONSEIL NATIONAL DE L&#039;EMBALLAGE","robots":{"index":"index","follow":"follow","max-snippet":"max-snippet:-1","max-image-preview":"max-image-preview:large","max-video-preview":"max-video-preview:-1"},"canonical":"https:\/\/conseil-emballage.org\/en\/interview-with-emmanuel-guichard-executive-officer-elipso\/","og_locale":"en_US","og_type":"article","og_title":"Interview with Emmanuel GUICHARD \u2013 Executive Officer- Elipso - CONSEIL NATIONAL DE L&#039;EMBALLAGE","og_description":"1- Could you tell us about your position and the missions Elipso carries out? Elipso is the professional association representing producers [...]","og_url":"https:\/\/conseil-emballage.org\/en\/interview-with-emmanuel-guichard-executive-officer-elipso\/","og_site_name":"CONSEIL NATIONAL DE L&#039;EMBALLAGE","article_published_time":"2018-02-12T14:12:22+00:00","article_modified_time":"2018-03-05T10:15:47+00:00","og_image":[{"width":1365,"height":2048,"url":"https:\/\/conseil-emballage.org\/wp-content\/uploads\/2018\/02\/Emmanuel-Guichard.jpg","type":"image\/jpeg"}],"author":"Maryse","twitter_card":"summary_large_image","twitter_misc":{"Written by":"Maryse","Est. reading time":"3 minutes"},"schema":{"@context":"https:\/\/schema.org","@graph":[{"@type":"Article","@id":"https:\/\/conseil-emballage.org\/en\/interview-with-emmanuel-guichard-executive-officer-elipso\/#article","isPartOf":{"@id":"https:\/\/conseil-emballage.org\/en\/interview-with-emmanuel-guichard-executive-officer-elipso\/"},"author":{"name":"Maryse","@id":"https:\/\/conseil-emballage.org\/#\/schema\/person\/de121e0ab7cfe1c780c8b4e7fff14c66"},"headline":"Interview with Emmanuel GUICHARD \u2013 Executive Officer- Elipso","datePublished":"2018-02-12T14:12:22+00:00","dateModified":"2018-03-05T10:15:47+00:00","mainEntityOfPage":{"@id":"https:\/\/conseil-emballage.org\/en\/interview-with-emmanuel-guichard-executive-officer-elipso\/"},"wordCount":585,"image":{"@id":"https:\/\/conseil-emballage.org\/en\/interview-with-emmanuel-guichard-executive-officer-elipso\/#primaryimage"},"thumbnailUrl":"https:\/\/conseil-emballage.org\/wp-content\/uploads\/2018\/02\/Emmanuel-Guichard.jpg","articleSection":["News"],"inLanguage":"en-US"},{"@type":"WebPage","@id":"https:\/\/conseil-emballage.org\/en\/interview-with-emmanuel-guichard-executive-officer-elipso\/","url":"https:\/\/conseil-emballage.org\/en\/interview-with-emmanuel-guichard-executive-officer-elipso\/","name":"Interview with Emmanuel GUICHARD \u2013 Executive Officer- Elipso - CONSEIL NATIONAL DE L&#039;EMBALLAGE","isPartOf":{"@id":"https:\/\/conseil-emballage.org\/#website"},"primaryImageOfPage":{"@id":"https:\/\/conseil-emballage.org\/en\/interview-with-emmanuel-guichard-executive-officer-elipso\/#primaryimage"},"image":{"@id":"https:\/\/conseil-emballage.org\/en\/interview-with-emmanuel-guichard-executive-officer-elipso\/#primaryimage"},"thumbnailUrl":"https:\/\/conseil-emballage.org\/wp-content\/uploads\/2018\/02\/Emmanuel-Guichard.jpg","datePublished":"2018-02-12T14:12:22+00:00","dateModified":"2018-03-05T10:15:47+00:00","author":{"@id":"https:\/\/conseil-emballage.org\/#\/schema\/person\/de121e0ab7cfe1c780c8b4e7fff14c66"},"breadcrumb":{"@id":"https:\/\/conseil-emballage.org\/en\/interview-with-emmanuel-guichard-executive-officer-elipso\/#breadcrumb"},"inLanguage":"en-US","potentialAction":[{"@type":"ReadAction","target":["https:\/\/conseil-emballage.org\/en\/interview-with-emmanuel-guichard-executive-officer-elipso\/"]}]},{"@type":"ImageObject","inLanguage":"en-US","@id":"https:\/\/conseil-emballage.org\/en\/interview-with-emmanuel-guichard-executive-officer-elipso\/#primaryimage","url":"https:\/\/conseil-emballage.org\/wp-content\/uploads\/2018\/02\/Emmanuel-Guichard.jpg","contentUrl":"https:\/\/conseil-emballage.org\/wp-content\/uploads\/2018\/02\/Emmanuel-Guichard.jpg","width":1365,"height":2048},{"@type":"BreadcrumbList","@id":"https:\/\/conseil-emballage.org\/en\/interview-with-emmanuel-guichard-executive-officer-elipso\/#breadcrumb","itemListElement":[{"@type":"ListItem","position":1,"name":"Accueil","item":"https:\/\/conseil-emballage.org\/"},{"@type":"ListItem","position":2,"name":"Interview with Emmanuel GUICHARD \u2013 Executive Officer- Elipso"}]},{"@type":"WebSite","@id":"https:\/\/conseil-emballage.org\/#website","url":"https:\/\/conseil-emballage.org\/","name":"CONSEIL NATIONAL DE L&#039;EMBALLAGE","description":"Des partenaires pour le Juste Emballage","potentialAction":[{"@type":"SearchAction","target":{"@type":"EntryPoint","urlTemplate":"https:\/\/conseil-emballage.org\/?s={search_term_string}"},"query-input":{"@type":"PropertyValueSpecification","valueRequired":true,"valueName":"search_term_string"}}],"inLanguage":"en-US"},{"@type":"Person","@id":"https:\/\/conseil-emballage.org\/#\/schema\/person\/de121e0ab7cfe1c780c8b4e7fff14c66","name":"Maryse","url":"https:\/\/conseil-emballage.org\/en\/author\/maryse\/"}]}},"_links":{"self":[{"href":"https:\/\/conseil-emballage.org\/en\/wp-json\/wp\/v2\/posts\/5336","targetHints":{"allow":["GET"]}}],"collection":[{"href":"https:\/\/conseil-emballage.org\/en\/wp-json\/wp\/v2\/posts"}],"about":[{"href":"https:\/\/conseil-emballage.org\/en\/wp-json\/wp\/v2\/types\/post"}],"author":[{"embeddable":true,"href":"https:\/\/conseil-emballage.org\/en\/wp-json\/wp\/v2\/users\/3"}],"replies":[{"embeddable":true,"href":"https:\/\/conseil-emballage.org\/en\/wp-json\/wp\/v2\/comments?post=5336"}],"version-history":[{"count":0,"href":"https:\/\/conseil-emballage.org\/en\/wp-json\/wp\/v2\/posts\/5336\/revisions"}],"wp:featuredmedia":[{"embeddable":true,"href":"https:\/\/conseil-emballage.org\/en\/wp-json\/wp\/v2\/media\/5334"}],"wp:attachment":[{"href":"https:\/\/conseil-emballage.org\/en\/wp-json\/wp\/v2\/media?parent=5336"}],"wp:term":[{"taxonomy":"category","embeddable":true,"href":"https:\/\/conseil-emballage.org\/en\/wp-json\/wp\/v2\/categories?post=5336"},{"taxonomy":"post_tag","embeddable":true,"href":"https:\/\/conseil-emballage.org\/en\/wp-json\/wp\/v2\/tags?post=5336"}],"curies":[{"name":"wp","href":"https:\/\/api.w.org\/{rel}","templated":true}]}}