{"id":17822,"date":"2022-05-11T13:08:56","date_gmt":"2022-05-11T13:08:56","guid":{"rendered":"https:\/\/conseil-emballage.org\/?p=17822"},"modified":"2022-05-11T13:08:56","modified_gmt":"2022-05-11T13:08:56","slug":"interview-with-charly-hee-national-director-familles-de-france","status":"publish","type":"post","link":"https:\/\/conseil-emballage.org\/en\/interview-with-charly-hee-national-director-familles-de-france\/","title":{"rendered":"Interview with Charly H\u00c9E National Director FAMILLES DE FRANCE"},"content":{"rendered":"<h3><strong> <img decoding=\"async\" class=\"size-full wp-image-16598 alignleft\" src=\"https:\/\/conseil-emballage.org\/wp-content\/uploads\/2022\/02\/Famille-de-france-site.gif\" alt=\"\" width=\"117\" height=\"97\" \/><\/strong><\/h3>\n<ol>\n<li>\n<h3><strong>In a few words, could you tell us about your <\/strong><strong>job and the missions of <em>Familles de France<\/em>?<\/strong><\/h3>\n<\/li>\n<\/ol>\n<p>I currently am an executive of the national federation <em>Familles de France<\/em>. I actively participate in the running of the organization.<\/p>\n<p>The &#8220;<em>F<\/em><em>\u00e9d<\/em><em>\u00e9ration Nationale Familles de France<\/em>&#8220;, also known as <em>FAMILLES DE FRANCE<\/em>, is the result of an organization founded in 1921: The National Federation of Large Families.<\/p>\n<p>The federation of associations of large families in France was recognized as public service by the decree of May 14, 1935. (Decree of May 14, 1935 JORF of June 2, 1935)<\/p>\n<p>During the General Assembly of June 27th 1947, the organizations associated with <em>La Plus Grande Famille<\/em> and the <em>Conf\u00e9d\u00e9ration G\u00e9n\u00e9rale des Familles<\/em> joined together under the same name of &#8220;<em>F\u00e9d\u00e9ration des Familles de France du jeune foyer \u00e0 la famille nombreuse<\/em>&#8220;.<\/p>\n<p>Its goal is to defend the material and ethical concerns of families within the context of the social and family action code, particularly in articles L211, which establishes the following points:<\/p>\n<p><em>1<\/em><em>\u00b0 Give their opinion to the public authorities on family matters and suggest measures that appear to be in the material and moral interests of families;<\/em><\/p>\n<p><em>2<\/em><em>\u00b0 Officially represent all families in front of the public authorities and appoint family delegates to the various councils, assemblies or other bodies set up by the State, the region, the department or the district;<\/em><\/p>\n<p><em>3<\/em><em>\u00b0 Manage any service of family interest that public authorities deem necessary to entrust them with;<\/em><\/p>\n<p><em>4<\/em><em>\u00b0 Practice before all courts of law, without having to justify an approval or a prior authorization from the public authority.<\/em><\/p>\n<p>To carry out the missions given by the code of social action and families, the <em>F<\/em><em>\u00e9d<\/em><em>\u00e9ration Familles de France<\/em> has been divided into 5 areas of activity:<\/p>\n<p>&#8211; \u201cFamily Policy, Health, Disability, Sustainable Development\u201d department;<\/p>\n<p>&#8211; \u201cFederal and Associative Life, Training\u201d department;<\/p>\n<p>&#8211; \u201cConsumption and Housing\u201d department;<\/p>\n<p>&#8211; \u201cHousing\u201d department;<\/p>\n<p>&#8211; \u201cFamily life, Parenthood, Education, Europe\u201d department.<\/p>\n<ol start=\"2\">\n<li>\n<h3><strong> Can you explain the main topics covered by <em>Familles de France<\/em>?<\/strong><\/h3>\n<\/li>\n<\/ol>\n<p>The national federation <em>Familles de France<\/em> has been approved as part of public service since 1935. It was approved by :<\/p>\n<p>&#8211; National consumer protection organization, (Order of 12\/09\/1975) renewed for 5 years by decree in the Official Journal of 18 October 2020;<\/p>\n<p>&#8211; National youth and popular education organization, (Order of 15\/07\/1982);<\/p>\n<p>&#8211; National organization representing patients in hospital or public health bodies (First issued on 30\/11\/2016 and renewed for five years, starting on 7 December 2021, JORF of 20\/06\/2021);<\/p>\n<p>&#8211; <em>Familles de France<\/em> is registered by the <em>Direccte d&#8217;Ile-de-France<\/em> (French regional administration of businesses, work and employment) concurrently as a training organization (N\u00b0 11 75 35380 75, issued on July 19, 1991).<\/p>\n<p>The national federation puts these decrees into practice as the head of the network. It encourages these conventions so that action may be taken up by our network of members (departmental federations and directly associated organizations).<\/p>\n<p>More information available on our website <a href=\"https:\/\/www.familles-de-france.org\/fr\">https:\/\/www.familles-de-france.org\/fr<\/a>,<\/p>\n<p>To learn more about our goals: <a href=\"https:\/\/www.familles-de-france.org\/fr\/familles-de-france\/identite#81\">https:\/\/www.familles-de-france.org\/fr\/familles-de-france\/identite#81<\/a><\/p>\n<ol start=\"3\">\n<li>\n<h3><strong> Which <\/strong><strong>issues should the CNE cover for the benefit of Fair Packaging and of its consumers?<\/strong><\/h3>\n<\/li>\n<\/ol>\n<p>&#8211; Cristal clear information: content, nutri-score, recycling, compostability&#8230;<\/p>\n<p>&#8211; Easy to use: no need for tools to open a package, no over-packaging&#8230;<\/p>\n<p>&#8211; Packaging without product waste, e.g. glass jar with too sharp angles, tube that never empties completely\u2026<\/p>\n<ol start=\"4\">\n<li>\n<h3><strong> The CNE gives importance to the diversity of opinions around the concept of &#8220;Fair Packaging&#8221; and especially consumer organizations such as <em>Familles de France<\/em>. <\/strong><\/h3>\n<\/li>\n<\/ol>\n<p>Exactly. <em>Familles de France<\/em> can bring to the table the experiences of its consumers.<\/p>\n<p>In order to do so, we need to establish a clear questioning on a precise subject that we could pass on in the form of a survey on our website.<\/p>\n<ol start=\"5\">\n<li>\n<h3><strong> What would you say to the members of other organizations in order to take into account the stakes in question 3? <\/strong><\/h3>\n<\/li>\n<\/ol>\n<p>The partners of other organizations are professionals and discuss subjects with expertise and with terms specific to their jobs.<\/p>\n<p>Sometimes, it would be interesting if these professionals could express more obviously the technical terms of their job.<\/p>\n","protected":false},"excerpt":{"rendered":"\n<p>In a few words, could you tell us about your job and the missions of Familles de France?<\/p>\n<p>I currently [&#8230;]<\/p>\n","protected":false},"author":3,"featured_media":16598,"comment_status":"closed","ping_status":"closed","sticky":false,"template":"","format":"standard","meta":{"footnotes":""},"categories":[32,10],"tags":[],"class_list":["post-17822","post","type-post","status-publish","format-standard","has-post-thumbnail","hentry","category-actualites-en","category-news","entry","has-media"],"yoast_head":"<!-- This site is optimized with the Yoast SEO plugin v27.5 - https:\/\/yoast.com\/product\/yoast-seo-wordpress\/ -->\n<title>Interview with Charly H\u00c9E National Director FAMILLES DE FRANCE - CONSEIL NATIONAL DE L&#039;EMBALLAGE<\/title>\n<meta name=\"robots\" content=\"index, follow, max-snippet:-1, max-image-preview:large, max-video-preview:-1\" \/>\n<link rel=\"canonical\" href=\"https:\/\/conseil-emballage.org\/en\/interview-with-charly-hee-national-director-familles-de-france\/\" \/>\n<meta property=\"og:locale\" content=\"en_US\" \/>\n<meta property=\"og:type\" content=\"article\" \/>\n<meta property=\"og:title\" content=\"Interview with Charly H\u00c9E National Director FAMILLES DE FRANCE - CONSEIL NATIONAL DE L&#039;EMBALLAGE\" \/>\n<meta property=\"og:description\" content=\"In a few words, could you tell us about your job and the missions of Familles de France?  I currently [...]\" \/>\n<meta property=\"og:url\" content=\"https:\/\/conseil-emballage.org\/en\/interview-with-charly-hee-national-director-familles-de-france\/\" \/>\n<meta property=\"og:site_name\" content=\"CONSEIL NATIONAL DE L&#039;EMBALLAGE\" \/>\n<meta property=\"article:published_time\" content=\"2022-05-11T13:08:56+00:00\" \/>\n<meta property=\"og:image\" content=\"https:\/\/conseil-emballage.org\/wp-content\/uploads\/2022\/02\/Famille-de-france-site.gif\" \/>\n\t<meta property=\"og:image:width\" content=\"117\" \/>\n\t<meta property=\"og:image:height\" content=\"97\" \/>\n\t<meta property=\"og:image:type\" content=\"image\/gif\" \/>\n<meta name=\"author\" content=\"Maryse\" \/>\n<meta name=\"twitter:card\" content=\"summary_large_image\" \/>\n<meta name=\"twitter:label1\" content=\"Written by\" \/>\n\t<meta name=\"twitter:data1\" content=\"Maryse\" \/>\n\t<meta name=\"twitter:label2\" content=\"Est. reading time\" \/>\n\t<meta name=\"twitter:data2\" content=\"4 minutes\" \/>\n<script type=\"application\/ld+json\" class=\"yoast-schema-graph\">{\"@context\":\"https:\\\/\\\/schema.org\",\"@graph\":[{\"@type\":\"Article\",\"@id\":\"https:\\\/\\\/conseil-emballage.org\\\/en\\\/interview-with-charly-hee-national-director-familles-de-france\\\/#article\",\"isPartOf\":{\"@id\":\"https:\\\/\\\/conseil-emballage.org\\\/en\\\/interview-with-charly-hee-national-director-familles-de-france\\\/\"},\"author\":{\"name\":\"Maryse\",\"@id\":\"https:\\\/\\\/conseil-emballage.org\\\/#\\\/schema\\\/person\\\/de121e0ab7cfe1c780c8b4e7fff14c66\"},\"headline\":\"Interview with Charly H\u00c9E National Director FAMILLES DE FRANCE\",\"datePublished\":\"2022-05-11T13:08:56+00:00\",\"mainEntityOfPage\":{\"@id\":\"https:\\\/\\\/conseil-emballage.org\\\/en\\\/interview-with-charly-hee-national-director-familles-de-france\\\/\"},\"wordCount\":679,\"image\":{\"@id\":\"https:\\\/\\\/conseil-emballage.org\\\/en\\\/interview-with-charly-hee-national-director-familles-de-france\\\/#primaryimage\"},\"thumbnailUrl\":\"https:\\\/\\\/conseil-emballage.org\\\/wp-content\\\/uploads\\\/2022\\\/02\\\/Famille-de-france-site.gif\",\"articleSection\":[\"Actualit\u00e9s\",\"News\"],\"inLanguage\":\"en-US\"},{\"@type\":\"WebPage\",\"@id\":\"https:\\\/\\\/conseil-emballage.org\\\/en\\\/interview-with-charly-hee-national-director-familles-de-france\\\/\",\"url\":\"https:\\\/\\\/conseil-emballage.org\\\/en\\\/interview-with-charly-hee-national-director-familles-de-france\\\/\",\"name\":\"Interview with Charly H\u00c9E National Director FAMILLES DE FRANCE - CONSEIL NATIONAL DE L&#039;EMBALLAGE\",\"isPartOf\":{\"@id\":\"https:\\\/\\\/conseil-emballage.org\\\/#website\"},\"primaryImageOfPage\":{\"@id\":\"https:\\\/\\\/conseil-emballage.org\\\/en\\\/interview-with-charly-hee-national-director-familles-de-france\\\/#primaryimage\"},\"image\":{\"@id\":\"https:\\\/\\\/conseil-emballage.org\\\/en\\\/interview-with-charly-hee-national-director-familles-de-france\\\/#primaryimage\"},\"thumbnailUrl\":\"https:\\\/\\\/conseil-emballage.org\\\/wp-content\\\/uploads\\\/2022\\\/02\\\/Famille-de-france-site.gif\",\"datePublished\":\"2022-05-11T13:08:56+00:00\",\"author\":{\"@id\":\"https:\\\/\\\/conseil-emballage.org\\\/#\\\/schema\\\/person\\\/de121e0ab7cfe1c780c8b4e7fff14c66\"},\"breadcrumb\":{\"@id\":\"https:\\\/\\\/conseil-emballage.org\\\/en\\\/interview-with-charly-hee-national-director-familles-de-france\\\/#breadcrumb\"},\"inLanguage\":\"en-US\",\"potentialAction\":[{\"@type\":\"ReadAction\",\"target\":[\"https:\\\/\\\/conseil-emballage.org\\\/en\\\/interview-with-charly-hee-national-director-familles-de-france\\\/\"]}]},{\"@type\":\"ImageObject\",\"inLanguage\":\"en-US\",\"@id\":\"https:\\\/\\\/conseil-emballage.org\\\/en\\\/interview-with-charly-hee-national-director-familles-de-france\\\/#primaryimage\",\"url\":\"https:\\\/\\\/conseil-emballage.org\\\/wp-content\\\/uploads\\\/2022\\\/02\\\/Famille-de-france-site.gif\",\"contentUrl\":\"https:\\\/\\\/conseil-emballage.org\\\/wp-content\\\/uploads\\\/2022\\\/02\\\/Famille-de-france-site.gif\",\"width\":117,\"height\":97},{\"@type\":\"BreadcrumbList\",\"@id\":\"https:\\\/\\\/conseil-emballage.org\\\/en\\\/interview-with-charly-hee-national-director-familles-de-france\\\/#breadcrumb\",\"itemListElement\":[{\"@type\":\"ListItem\",\"position\":1,\"name\":\"Accueil\",\"item\":\"https:\\\/\\\/conseil-emballage.org\\\/\"},{\"@type\":\"ListItem\",\"position\":2,\"name\":\"Interview with Charly H\u00c9E National Director FAMILLES DE FRANCE\"}]},{\"@type\":\"WebSite\",\"@id\":\"https:\\\/\\\/conseil-emballage.org\\\/#website\",\"url\":\"https:\\\/\\\/conseil-emballage.org\\\/\",\"name\":\"CONSEIL NATIONAL DE L&#039;EMBALLAGE\",\"description\":\"Des partenaires pour le Juste Emballage\",\"potentialAction\":[{\"@type\":\"SearchAction\",\"target\":{\"@type\":\"EntryPoint\",\"urlTemplate\":\"https:\\\/\\\/conseil-emballage.org\\\/?s={search_term_string}\"},\"query-input\":{\"@type\":\"PropertyValueSpecification\",\"valueRequired\":true,\"valueName\":\"search_term_string\"}}],\"inLanguage\":\"en-US\"},{\"@type\":\"Person\",\"@id\":\"https:\\\/\\\/conseil-emballage.org\\\/#\\\/schema\\\/person\\\/de121e0ab7cfe1c780c8b4e7fff14c66\",\"name\":\"Maryse\",\"url\":\"https:\\\/\\\/conseil-emballage.org\\\/en\\\/author\\\/maryse\\\/\"}]}<\/script>\n<!-- \/ Yoast SEO plugin. -->","yoast_head_json":{"title":"Interview with Charly H\u00c9E National Director FAMILLES DE FRANCE - CONSEIL NATIONAL DE L&#039;EMBALLAGE","robots":{"index":"index","follow":"follow","max-snippet":"max-snippet:-1","max-image-preview":"max-image-preview:large","max-video-preview":"max-video-preview:-1"},"canonical":"https:\/\/conseil-emballage.org\/en\/interview-with-charly-hee-national-director-familles-de-france\/","og_locale":"en_US","og_type":"article","og_title":"Interview with Charly H\u00c9E National Director FAMILLES DE FRANCE - CONSEIL NATIONAL DE L&#039;EMBALLAGE","og_description":"In a few words, could you tell us about your job and the missions of Familles de France?  I currently [...]","og_url":"https:\/\/conseil-emballage.org\/en\/interview-with-charly-hee-national-director-familles-de-france\/","og_site_name":"CONSEIL NATIONAL DE L&#039;EMBALLAGE","article_published_time":"2022-05-11T13:08:56+00:00","og_image":[{"width":117,"height":97,"url":"https:\/\/conseil-emballage.org\/wp-content\/uploads\/2022\/02\/Famille-de-france-site.gif","type":"image\/gif"}],"author":"Maryse","twitter_card":"summary_large_image","twitter_misc":{"Written by":"Maryse","Est. reading time":"4 minutes"},"schema":{"@context":"https:\/\/schema.org","@graph":[{"@type":"Article","@id":"https:\/\/conseil-emballage.org\/en\/interview-with-charly-hee-national-director-familles-de-france\/#article","isPartOf":{"@id":"https:\/\/conseil-emballage.org\/en\/interview-with-charly-hee-national-director-familles-de-france\/"},"author":{"name":"Maryse","@id":"https:\/\/conseil-emballage.org\/#\/schema\/person\/de121e0ab7cfe1c780c8b4e7fff14c66"},"headline":"Interview with Charly H\u00c9E National Director FAMILLES DE FRANCE","datePublished":"2022-05-11T13:08:56+00:00","mainEntityOfPage":{"@id":"https:\/\/conseil-emballage.org\/en\/interview-with-charly-hee-national-director-familles-de-france\/"},"wordCount":679,"image":{"@id":"https:\/\/conseil-emballage.org\/en\/interview-with-charly-hee-national-director-familles-de-france\/#primaryimage"},"thumbnailUrl":"https:\/\/conseil-emballage.org\/wp-content\/uploads\/2022\/02\/Famille-de-france-site.gif","articleSection":["Actualit\u00e9s","News"],"inLanguage":"en-US"},{"@type":"WebPage","@id":"https:\/\/conseil-emballage.org\/en\/interview-with-charly-hee-national-director-familles-de-france\/","url":"https:\/\/conseil-emballage.org\/en\/interview-with-charly-hee-national-director-familles-de-france\/","name":"Interview with Charly H\u00c9E National Director FAMILLES DE FRANCE - CONSEIL NATIONAL DE L&#039;EMBALLAGE","isPartOf":{"@id":"https:\/\/conseil-emballage.org\/#website"},"primaryImageOfPage":{"@id":"https:\/\/conseil-emballage.org\/en\/interview-with-charly-hee-national-director-familles-de-france\/#primaryimage"},"image":{"@id":"https:\/\/conseil-emballage.org\/en\/interview-with-charly-hee-national-director-familles-de-france\/#primaryimage"},"thumbnailUrl":"https:\/\/conseil-emballage.org\/wp-content\/uploads\/2022\/02\/Famille-de-france-site.gif","datePublished":"2022-05-11T13:08:56+00:00","author":{"@id":"https:\/\/conseil-emballage.org\/#\/schema\/person\/de121e0ab7cfe1c780c8b4e7fff14c66"},"breadcrumb":{"@id":"https:\/\/conseil-emballage.org\/en\/interview-with-charly-hee-national-director-familles-de-france\/#breadcrumb"},"inLanguage":"en-US","potentialAction":[{"@type":"ReadAction","target":["https:\/\/conseil-emballage.org\/en\/interview-with-charly-hee-national-director-familles-de-france\/"]}]},{"@type":"ImageObject","inLanguage":"en-US","@id":"https:\/\/conseil-emballage.org\/en\/interview-with-charly-hee-national-director-familles-de-france\/#primaryimage","url":"https:\/\/conseil-emballage.org\/wp-content\/uploads\/2022\/02\/Famille-de-france-site.gif","contentUrl":"https:\/\/conseil-emballage.org\/wp-content\/uploads\/2022\/02\/Famille-de-france-site.gif","width":117,"height":97},{"@type":"BreadcrumbList","@id":"https:\/\/conseil-emballage.org\/en\/interview-with-charly-hee-national-director-familles-de-france\/#breadcrumb","itemListElement":[{"@type":"ListItem","position":1,"name":"Accueil","item":"https:\/\/conseil-emballage.org\/"},{"@type":"ListItem","position":2,"name":"Interview with Charly H\u00c9E National Director FAMILLES DE FRANCE"}]},{"@type":"WebSite","@id":"https:\/\/conseil-emballage.org\/#website","url":"https:\/\/conseil-emballage.org\/","name":"CONSEIL NATIONAL DE L&#039;EMBALLAGE","description":"Des partenaires pour le Juste Emballage","potentialAction":[{"@type":"SearchAction","target":{"@type":"EntryPoint","urlTemplate":"https:\/\/conseil-emballage.org\/?s={search_term_string}"},"query-input":{"@type":"PropertyValueSpecification","valueRequired":true,"valueName":"search_term_string"}}],"inLanguage":"en-US"},{"@type":"Person","@id":"https:\/\/conseil-emballage.org\/#\/schema\/person\/de121e0ab7cfe1c780c8b4e7fff14c66","name":"Maryse","url":"https:\/\/conseil-emballage.org\/en\/author\/maryse\/"}]}},"_links":{"self":[{"href":"https:\/\/conseil-emballage.org\/en\/wp-json\/wp\/v2\/posts\/17822","targetHints":{"allow":["GET"]}}],"collection":[{"href":"https:\/\/conseil-emballage.org\/en\/wp-json\/wp\/v2\/posts"}],"about":[{"href":"https:\/\/conseil-emballage.org\/en\/wp-json\/wp\/v2\/types\/post"}],"author":[{"embeddable":true,"href":"https:\/\/conseil-emballage.org\/en\/wp-json\/wp\/v2\/users\/3"}],"replies":[{"embeddable":true,"href":"https:\/\/conseil-emballage.org\/en\/wp-json\/wp\/v2\/comments?post=17822"}],"version-history":[{"count":0,"href":"https:\/\/conseil-emballage.org\/en\/wp-json\/wp\/v2\/posts\/17822\/revisions"}],"wp:featuredmedia":[{"embeddable":true,"href":"https:\/\/conseil-emballage.org\/en\/wp-json\/wp\/v2\/media\/16598"}],"wp:attachment":[{"href":"https:\/\/conseil-emballage.org\/en\/wp-json\/wp\/v2\/media?parent=17822"}],"wp:term":[{"taxonomy":"category","embeddable":true,"href":"https:\/\/conseil-emballage.org\/en\/wp-json\/wp\/v2\/categories?post=17822"},{"taxonomy":"post_tag","embeddable":true,"href":"https:\/\/conseil-emballage.org\/en\/wp-json\/wp\/v2\/tags?post=17822"}],"curies":[{"name":"wp","href":"https:\/\/api.w.org\/{rel}","templated":true}]}}