{"id":15762,"date":"2021-11-22T13:35:40","date_gmt":"2021-11-22T13:35:40","guid":{"rendered":"https:\/\/conseil-emballage.org\/?p=15762"},"modified":"2022-04-05T13:54:24","modified_gmt":"2022-04-05T13:54:24","slug":"interview-with-fabrice-peltier-president-of-the-indp","status":"publish","type":"post","link":"https:\/\/conseil-emballage.org\/en\/interview-with-fabrice-peltier-president-of-the-indp\/","title":{"rendered":"Interview with Fabrice Peltier, President of the INDP"},"content":{"rendered":"<h3><strong><img decoding=\"async\" class=\"size-thumbnail wp-image-17320 alignleft\" src=\"https:\/\/conseil-emballage.org\/wp-content\/uploads\/2021\/11\/Fabrice-Peltier-2021-site-150x150.jpg\" alt=\"\" width=\"150\" height=\"150\" \/>1- In a few words, can you tell us about your function and your activities? <\/strong><\/h3>\n<p>It&#8217;s been a little bit more than 10 years since I gave up my design agency P&#8217;R\u00e9f\u00e9rence so I could only focus on consulting, writing and artistic creation. It was like a career change, and it went flawlessly. Fabrice Peltier Cr\u00e9ation (FPC) is the name of the legal company through which I operate.<\/p>\n<p>In the past ten years, I have not wasted my time:<\/p>\n<p>I have developed my Genepack eco-design methodology, and now I use it with many companies in collaboration with the Citeo teams. I have finalised my eco-inking method and published several guides, including the one with Citeo. Now, when companies ask, I coach their employees in these methodologies, and I support them in the definition and realisation of their projects.<\/p>\n<p>I have written 5 books, &#8220;Le design pour les Nuls&#8221; (<em>Design for Dummies<\/em>), &#8220;Quasar Khanh &#8211; Designer visionnaire&#8221; (<em>Quasar Khanh &#8211; Visionary Designer<\/em>), &#8220;L&#8217;emballage \u00e0 l&#8217;aube de sa R\u00e9volution&#8221; (<em>Packaging at the dawn of its Revolution<\/em>), &#8220;La R\u00e9volution de l&#8217;emballage &#8211; Premi\u00e8re p\u00e9riode &#8211; L&#8217;\u00e9mergence de nouvelles solutions&#8221; (<em>The Packaging Revolution &#8211; First period &#8211; The emergence of new solutions<\/em>), and the last one, to be released at the beginning of November &#8220;Pourquoi et comment entrer dans la R\u00e9volution &#8211; L&#8217;emballage \u00e7a ne sert \u00e0 rien ! Sauf\u2026 \u2026S\u2019il s\u2019agit d\u2019un juste emballage&#8221; (<em>Why and how to enter the Revolution &#8211; Packaging is useless! Unless&#8230; &#8230;it&#8217;s the right packaging<\/em>).<\/p>\n<p>I should say, my artistic and creative activity is always about packaging and recycling as you can see at my exhibitions or on my website: <a href=\"https:\/\/www.fabrice-peltier.fr\">https:\/\/www.fabrice-peltier.fr<\/a><\/p>\n<p>With all this, as I was a bit bored, I found a way to be elected to the Combloux town council, to oversee waste and become a member of the Sitom des Vall\u00e9es du Mont-Blanc board. Everything is wrapped up. I really do oversee packaging from &#8220;cradle to grave&#8221; and I&#8217;m not bored anymore!<\/p>\n<p>About the INDP, the association that I founded and that I have presided over since its beginnings, I have decided that at the next General Assembly, I will pass the torch to a talented young man, a student of mine when he was younger. I won&#8217;t tell you more, first he must be elected, and I leave it to him to present himself to the CNE members with his road map&#8230;<\/p>\n<h3><strong>\u00a02- <\/strong><strong>Recently, you wrote &#8220;<em>La R\u00e9volution de l\u2019emballage<\/em>&#8221; (<em>The packaging Revolution)<\/em>. What can we expect in the next years to define the Right Packaging? <\/strong><\/h3>\n<p>This is the subject of my new book: &#8220;Pourquoi et comment entrer dans la R\u00e9volution \u2013 L\u2019emballage \u00e7a ne sert \u00e0 rien\u00a0! Sauf\u2026 \u2026S\u2019il s\u2019agit d\u2019un juste emballage&#8221;. (<em>Why and how to enter the Revolution &#8211; Packaging is useless! Unless&#8230; &#8230;it&#8217;s the right packaging<\/em>).<\/p>\n<p>The tone is set in the preface that Mr. Edouard Philippe (to this date, the former french Prime Minister) did me the honour of writing. I quote:<strong><em> &#8220;Our customs and regulations have begun to evolve. It was about time. As the Prime Minister, I wanted France to adopt an effective and reasonable legislative arsenal so that we could collectively move away from destructive practices. The Anti-Waste and Circular Economy Act (AGEC), adopted on the 10<sup>th<\/sup> of February 2020, includes a lot of measures on packaging. The aim was clear: to put an end to over-packing and single-use plastic packaging. The implementing decree, or &#8220;3R&#8221;, to &#8220;Reduce, Reuse, Recycle&#8221;, published on the 30<sup>th<\/sup> of April 2021, is in the same spirit. <\/em><\/strong><\/p>\n<p><strong><em>This structural transformation of our production and consumption system is no longer negotiable. The preservation of our natural resources, biodiversity and climate depends on it. The whole chain must feel responsible, from economic players and industrial technical centres to consumers, and of course local communities. Packaging represents France&#8217;s 6<sup>th<\/sup> industry, that is occupations, savoir-faire and technologies that have begun to evolve as to ensure that 21<sup>st<\/sup> century packaging is rare, sober and safe. <\/em><\/strong><\/p>\n<p><strong><em>Practices cannot turn out to be right in one day. But the &#8220;revolution&#8221; has begun. And I am convinced<\/em> <em>that we are going to win. Because there is no turning back.&#8221;<\/em><\/strong><\/p>\n<p><em>\u00a0<\/em>In this second book about the Packaging Revolution, I establish the principles of the thinking that should lead to the creation of the &#8220;right packaging&#8221;. Between \u201ctoo much\u201d and \u201cnot enough\u201d, the \u201cmiddle way\u201d is about understanding the constraints of industrialists, the different modes of trade and the expectations of consumers. Not so simple in a regulatory context that is very complicated, and with unprecedented change in customs. As examples we can see the explosion of online trade, the desire for loose goods and reuse. In &#8220;Why and how to enter the Revolution&#8221;, I explain clearly, with diagrams, how packaging could reconcile the opposites. Starting a evolution is nice, but it is necessary to give solutions, and I think I can make an input to it. \u201cYou can see that for yourself by reading the book\u2026<\/p>\n<h3><strong>\u00a03- <\/strong><strong>Designers are also involved in the CNE GTs (working groups). What feedback do you have on the documents produced there?<\/strong><\/h3>\n<p>I have excellent feedbacks from the designers in our GTs (working groups) and I think that the next president of the INDP is going to work to have them even more present. This will be one of the few pieces of advice I will give to my young successor when I leave. Design is an intellectual association between an industrialist with an overdeveloped left brain and a creative with a teeming right brain. Together, they draw the middle path: what we need to develop the \u201cRight Packaging\u201d.<\/p>\n<h3><strong>4-\u00a0 <\/strong><strong>The CNE is in tune with its adherent, how can we do more and better for more legitimacy\/visibility of the CNE?<\/strong><\/h3>\n<p>Precisely, be accessible to young people and to people who do not think like most of us&#8230; In this evolving world, the CNE can no longer just be reactive. It must be creative and collaborate with those who are building the world of tomorrow with their ardour and dreams! Anyway, I can guarantee that I will do my best to ensure that the 9<sup>th<\/sup> college is overflowing and &#8220;a troublemaker&#8221;.<\/p>\n","protected":false},"excerpt":{"rendered":"<p>1- In a few words, can you tell us about your function and your activities?<br \/>\nIt&#8217;s been a little bit [&#8230;]<\/p>\n","protected":false},"author":3,"featured_media":17320,"comment_status":"closed","ping_status":"closed","sticky":false,"template":"","format":"standard","meta":{"footnotes":""},"categories":[10],"tags":[],"class_list":["post-15762","post","type-post","status-publish","format-standard","has-post-thumbnail","hentry","category-news","entry","has-media"],"yoast_head":"<!-- This site is optimized with the Yoast SEO plugin v27.5 - https:\/\/yoast.com\/product\/yoast-seo-wordpress\/ -->\n<title>Interview with Fabrice Peltier, President of the INDP - CONSEIL NATIONAL DE L&#039;EMBALLAGE<\/title>\n<meta name=\"robots\" content=\"index, follow, max-snippet:-1, max-image-preview:large, max-video-preview:-1\" \/>\n<link rel=\"canonical\" href=\"https:\/\/conseil-emballage.org\/en\/interview-with-fabrice-peltier-president-of-the-indp\/\" \/>\n<meta property=\"og:locale\" content=\"en_US\" \/>\n<meta property=\"og:type\" content=\"article\" \/>\n<meta property=\"og:title\" content=\"Interview with Fabrice Peltier, President of the INDP - CONSEIL NATIONAL DE L&#039;EMBALLAGE\" \/>\n<meta property=\"og:description\" content=\"1- In a few words, can you tell us about your function and your activities? It&#8217;s been a little bit [...]\" \/>\n<meta property=\"og:url\" content=\"https:\/\/conseil-emballage.org\/en\/interview-with-fabrice-peltier-president-of-the-indp\/\" \/>\n<meta property=\"og:site_name\" content=\"CONSEIL NATIONAL DE L&#039;EMBALLAGE\" \/>\n<meta property=\"article:published_time\" content=\"2021-11-22T13:35:40+00:00\" \/>\n<meta property=\"article:modified_time\" content=\"2022-04-05T13:54:24+00:00\" \/>\n<meta property=\"og:image\" content=\"https:\/\/conseil-emballage.org\/wp-content\/uploads\/2021\/11\/Fabrice-Peltier-2021-site.jpg\" \/>\n\t<meta property=\"og:image:width\" content=\"825\" \/>\n\t<meta property=\"og:image:height\" content=\"1080\" \/>\n\t<meta property=\"og:image:type\" content=\"image\/jpeg\" \/>\n<meta name=\"author\" content=\"Maryse\" \/>\n<meta name=\"twitter:card\" content=\"summary_large_image\" \/>\n<meta name=\"twitter:label1\" content=\"Written by\" \/>\n\t<meta name=\"twitter:data1\" content=\"Maryse\" \/>\n\t<meta name=\"twitter:label2\" content=\"Est. reading time\" \/>\n\t<meta name=\"twitter:data2\" content=\"5 minutes\" \/>\n<script type=\"application\/ld+json\" class=\"yoast-schema-graph\">{\"@context\":\"https:\\\/\\\/schema.org\",\"@graph\":[{\"@type\":\"Article\",\"@id\":\"https:\\\/\\\/conseil-emballage.org\\\/en\\\/interview-with-fabrice-peltier-president-of-the-indp\\\/#article\",\"isPartOf\":{\"@id\":\"https:\\\/\\\/conseil-emballage.org\\\/en\\\/interview-with-fabrice-peltier-president-of-the-indp\\\/\"},\"author\":{\"name\":\"Maryse\",\"@id\":\"https:\\\/\\\/conseil-emballage.org\\\/#\\\/schema\\\/person\\\/de121e0ab7cfe1c780c8b4e7fff14c66\"},\"headline\":\"Interview with Fabrice Peltier, President of the INDP\",\"datePublished\":\"2021-11-22T13:35:40+00:00\",\"dateModified\":\"2022-04-05T13:54:24+00:00\",\"mainEntityOfPage\":{\"@id\":\"https:\\\/\\\/conseil-emballage.org\\\/en\\\/interview-with-fabrice-peltier-president-of-the-indp\\\/\"},\"wordCount\":1049,\"image\":{\"@id\":\"https:\\\/\\\/conseil-emballage.org\\\/en\\\/interview-with-fabrice-peltier-president-of-the-indp\\\/#primaryimage\"},\"thumbnailUrl\":\"https:\\\/\\\/conseil-emballage.org\\\/wp-content\\\/uploads\\\/2021\\\/11\\\/Fabrice-Peltier-2021-site.jpg\",\"articleSection\":[\"News\"],\"inLanguage\":\"en-US\"},{\"@type\":\"WebPage\",\"@id\":\"https:\\\/\\\/conseil-emballage.org\\\/en\\\/interview-with-fabrice-peltier-president-of-the-indp\\\/\",\"url\":\"https:\\\/\\\/conseil-emballage.org\\\/en\\\/interview-with-fabrice-peltier-president-of-the-indp\\\/\",\"name\":\"Interview with Fabrice Peltier, President of the INDP - CONSEIL NATIONAL DE L&#039;EMBALLAGE\",\"isPartOf\":{\"@id\":\"https:\\\/\\\/conseil-emballage.org\\\/#website\"},\"primaryImageOfPage\":{\"@id\":\"https:\\\/\\\/conseil-emballage.org\\\/en\\\/interview-with-fabrice-peltier-president-of-the-indp\\\/#primaryimage\"},\"image\":{\"@id\":\"https:\\\/\\\/conseil-emballage.org\\\/en\\\/interview-with-fabrice-peltier-president-of-the-indp\\\/#primaryimage\"},\"thumbnailUrl\":\"https:\\\/\\\/conseil-emballage.org\\\/wp-content\\\/uploads\\\/2021\\\/11\\\/Fabrice-Peltier-2021-site.jpg\",\"datePublished\":\"2021-11-22T13:35:40+00:00\",\"dateModified\":\"2022-04-05T13:54:24+00:00\",\"author\":{\"@id\":\"https:\\\/\\\/conseil-emballage.org\\\/#\\\/schema\\\/person\\\/de121e0ab7cfe1c780c8b4e7fff14c66\"},\"breadcrumb\":{\"@id\":\"https:\\\/\\\/conseil-emballage.org\\\/en\\\/interview-with-fabrice-peltier-president-of-the-indp\\\/#breadcrumb\"},\"inLanguage\":\"en-US\",\"potentialAction\":[{\"@type\":\"ReadAction\",\"target\":[\"https:\\\/\\\/conseil-emballage.org\\\/en\\\/interview-with-fabrice-peltier-president-of-the-indp\\\/\"]}]},{\"@type\":\"ImageObject\",\"inLanguage\":\"en-US\",\"@id\":\"https:\\\/\\\/conseil-emballage.org\\\/en\\\/interview-with-fabrice-peltier-president-of-the-indp\\\/#primaryimage\",\"url\":\"https:\\\/\\\/conseil-emballage.org\\\/wp-content\\\/uploads\\\/2021\\\/11\\\/Fabrice-Peltier-2021-site.jpg\",\"contentUrl\":\"https:\\\/\\\/conseil-emballage.org\\\/wp-content\\\/uploads\\\/2021\\\/11\\\/Fabrice-Peltier-2021-site.jpg\",\"width\":825,\"height\":1080},{\"@type\":\"BreadcrumbList\",\"@id\":\"https:\\\/\\\/conseil-emballage.org\\\/en\\\/interview-with-fabrice-peltier-president-of-the-indp\\\/#breadcrumb\",\"itemListElement\":[{\"@type\":\"ListItem\",\"position\":1,\"name\":\"Accueil\",\"item\":\"https:\\\/\\\/conseil-emballage.org\\\/\"},{\"@type\":\"ListItem\",\"position\":2,\"name\":\"Interview with Fabrice Peltier, President of the INDP\"}]},{\"@type\":\"WebSite\",\"@id\":\"https:\\\/\\\/conseil-emballage.org\\\/#website\",\"url\":\"https:\\\/\\\/conseil-emballage.org\\\/\",\"name\":\"CONSEIL NATIONAL DE L&#039;EMBALLAGE\",\"description\":\"Des partenaires pour le Juste Emballage\",\"potentialAction\":[{\"@type\":\"SearchAction\",\"target\":{\"@type\":\"EntryPoint\",\"urlTemplate\":\"https:\\\/\\\/conseil-emballage.org\\\/?s={search_term_string}\"},\"query-input\":{\"@type\":\"PropertyValueSpecification\",\"valueRequired\":true,\"valueName\":\"search_term_string\"}}],\"inLanguage\":\"en-US\"},{\"@type\":\"Person\",\"@id\":\"https:\\\/\\\/conseil-emballage.org\\\/#\\\/schema\\\/person\\\/de121e0ab7cfe1c780c8b4e7fff14c66\",\"name\":\"Maryse\",\"url\":\"https:\\\/\\\/conseil-emballage.org\\\/en\\\/author\\\/maryse\\\/\"}]}<\/script>\n<!-- \/ Yoast SEO plugin. -->","yoast_head_json":{"title":"Interview with Fabrice Peltier, President of the INDP - CONSEIL NATIONAL DE L&#039;EMBALLAGE","robots":{"index":"index","follow":"follow","max-snippet":"max-snippet:-1","max-image-preview":"max-image-preview:large","max-video-preview":"max-video-preview:-1"},"canonical":"https:\/\/conseil-emballage.org\/en\/interview-with-fabrice-peltier-president-of-the-indp\/","og_locale":"en_US","og_type":"article","og_title":"Interview with Fabrice Peltier, President of the INDP - CONSEIL NATIONAL DE L&#039;EMBALLAGE","og_description":"1- In a few words, can you tell us about your function and your activities? It&#8217;s been a little bit [...]","og_url":"https:\/\/conseil-emballage.org\/en\/interview-with-fabrice-peltier-president-of-the-indp\/","og_site_name":"CONSEIL NATIONAL DE L&#039;EMBALLAGE","article_published_time":"2021-11-22T13:35:40+00:00","article_modified_time":"2022-04-05T13:54:24+00:00","og_image":[{"width":825,"height":1080,"url":"https:\/\/conseil-emballage.org\/wp-content\/uploads\/2021\/11\/Fabrice-Peltier-2021-site.jpg","type":"image\/jpeg"}],"author":"Maryse","twitter_card":"summary_large_image","twitter_misc":{"Written by":"Maryse","Est. reading time":"5 minutes"},"schema":{"@context":"https:\/\/schema.org","@graph":[{"@type":"Article","@id":"https:\/\/conseil-emballage.org\/en\/interview-with-fabrice-peltier-president-of-the-indp\/#article","isPartOf":{"@id":"https:\/\/conseil-emballage.org\/en\/interview-with-fabrice-peltier-president-of-the-indp\/"},"author":{"name":"Maryse","@id":"https:\/\/conseil-emballage.org\/#\/schema\/person\/de121e0ab7cfe1c780c8b4e7fff14c66"},"headline":"Interview with Fabrice Peltier, President of the INDP","datePublished":"2021-11-22T13:35:40+00:00","dateModified":"2022-04-05T13:54:24+00:00","mainEntityOfPage":{"@id":"https:\/\/conseil-emballage.org\/en\/interview-with-fabrice-peltier-president-of-the-indp\/"},"wordCount":1049,"image":{"@id":"https:\/\/conseil-emballage.org\/en\/interview-with-fabrice-peltier-president-of-the-indp\/#primaryimage"},"thumbnailUrl":"https:\/\/conseil-emballage.org\/wp-content\/uploads\/2021\/11\/Fabrice-Peltier-2021-site.jpg","articleSection":["News"],"inLanguage":"en-US"},{"@type":"WebPage","@id":"https:\/\/conseil-emballage.org\/en\/interview-with-fabrice-peltier-president-of-the-indp\/","url":"https:\/\/conseil-emballage.org\/en\/interview-with-fabrice-peltier-president-of-the-indp\/","name":"Interview with Fabrice Peltier, President of the INDP - CONSEIL NATIONAL DE L&#039;EMBALLAGE","isPartOf":{"@id":"https:\/\/conseil-emballage.org\/#website"},"primaryImageOfPage":{"@id":"https:\/\/conseil-emballage.org\/en\/interview-with-fabrice-peltier-president-of-the-indp\/#primaryimage"},"image":{"@id":"https:\/\/conseil-emballage.org\/en\/interview-with-fabrice-peltier-president-of-the-indp\/#primaryimage"},"thumbnailUrl":"https:\/\/conseil-emballage.org\/wp-content\/uploads\/2021\/11\/Fabrice-Peltier-2021-site.jpg","datePublished":"2021-11-22T13:35:40+00:00","dateModified":"2022-04-05T13:54:24+00:00","author":{"@id":"https:\/\/conseil-emballage.org\/#\/schema\/person\/de121e0ab7cfe1c780c8b4e7fff14c66"},"breadcrumb":{"@id":"https:\/\/conseil-emballage.org\/en\/interview-with-fabrice-peltier-president-of-the-indp\/#breadcrumb"},"inLanguage":"en-US","potentialAction":[{"@type":"ReadAction","target":["https:\/\/conseil-emballage.org\/en\/interview-with-fabrice-peltier-president-of-the-indp\/"]}]},{"@type":"ImageObject","inLanguage":"en-US","@id":"https:\/\/conseil-emballage.org\/en\/interview-with-fabrice-peltier-president-of-the-indp\/#primaryimage","url":"https:\/\/conseil-emballage.org\/wp-content\/uploads\/2021\/11\/Fabrice-Peltier-2021-site.jpg","contentUrl":"https:\/\/conseil-emballage.org\/wp-content\/uploads\/2021\/11\/Fabrice-Peltier-2021-site.jpg","width":825,"height":1080},{"@type":"BreadcrumbList","@id":"https:\/\/conseil-emballage.org\/en\/interview-with-fabrice-peltier-president-of-the-indp\/#breadcrumb","itemListElement":[{"@type":"ListItem","position":1,"name":"Accueil","item":"https:\/\/conseil-emballage.org\/"},{"@type":"ListItem","position":2,"name":"Interview with Fabrice Peltier, President of the INDP"}]},{"@type":"WebSite","@id":"https:\/\/conseil-emballage.org\/#website","url":"https:\/\/conseil-emballage.org\/","name":"CONSEIL NATIONAL DE L&#039;EMBALLAGE","description":"Des partenaires pour le Juste Emballage","potentialAction":[{"@type":"SearchAction","target":{"@type":"EntryPoint","urlTemplate":"https:\/\/conseil-emballage.org\/?s={search_term_string}"},"query-input":{"@type":"PropertyValueSpecification","valueRequired":true,"valueName":"search_term_string"}}],"inLanguage":"en-US"},{"@type":"Person","@id":"https:\/\/conseil-emballage.org\/#\/schema\/person\/de121e0ab7cfe1c780c8b4e7fff14c66","name":"Maryse","url":"https:\/\/conseil-emballage.org\/en\/author\/maryse\/"}]}},"_links":{"self":[{"href":"https:\/\/conseil-emballage.org\/en\/wp-json\/wp\/v2\/posts\/15762","targetHints":{"allow":["GET"]}}],"collection":[{"href":"https:\/\/conseil-emballage.org\/en\/wp-json\/wp\/v2\/posts"}],"about":[{"href":"https:\/\/conseil-emballage.org\/en\/wp-json\/wp\/v2\/types\/post"}],"author":[{"embeddable":true,"href":"https:\/\/conseil-emballage.org\/en\/wp-json\/wp\/v2\/users\/3"}],"replies":[{"embeddable":true,"href":"https:\/\/conseil-emballage.org\/en\/wp-json\/wp\/v2\/comments?post=15762"}],"version-history":[{"count":0,"href":"https:\/\/conseil-emballage.org\/en\/wp-json\/wp\/v2\/posts\/15762\/revisions"}],"wp:featuredmedia":[{"embeddable":true,"href":"https:\/\/conseil-emballage.org\/en\/wp-json\/wp\/v2\/media\/17320"}],"wp:attachment":[{"href":"https:\/\/conseil-emballage.org\/en\/wp-json\/wp\/v2\/media?parent=15762"}],"wp:term":[{"taxonomy":"category","embeddable":true,"href":"https:\/\/conseil-emballage.org\/en\/wp-json\/wp\/v2\/categories?post=15762"},{"taxonomy":"post_tag","embeddable":true,"href":"https:\/\/conseil-emballage.org\/en\/wp-json\/wp\/v2\/tags?post=15762"}],"curies":[{"name":"wp","href":"https:\/\/api.w.org\/{rel}","templated":true}]}}